{"id":2791,"date":"2026-09-04T11:53:49","date_gmt":"2026-09-04T11:53:49","guid":{"rendered":"https:\/\/zm2.zlobek.lukow.pl\/?p=2791"},"modified":"2026-09-04T11:53:51","modified_gmt":"2026-09-04T11:53:51","slug":"jak-przygotowac-dziecko-do-zlobka-przewodnik-po-spokojnej-adaptacji","status":"publish","type":"post","link":"https:\/\/zm2.zlobek.lukow.pl\/index.php\/2026\/09\/04\/jak-przygotowac-dziecko-do-zlobka-przewodnik-po-spokojnej-adaptacji\/","title":{"rendered":"Jak przygotowa\u0107 dziecko do \u017c\u0142obka?                                  Przewodnik po spokojnej adaptacji"},"content":{"rendered":"\n<p class=\"wp-block-paragraph\">Pierwsze dni w \u017c\u0142obku to du\u017ca zmiana dla ca\u0142ej rodziny. Dla dziecka to nowe miejsce, nowe osoby i nowy rytm dnia. Dla rodzica &#8211; mn\u00f3stwo emocji. Dobra wiadomo\u015b\u0107 jest taka, \u017ce spokojna adaptacja to proces, kt\u00f3ry mo\u017cna zaplanowa\u0107.<\/p>\n\n\n\n<p class=\"wp-block-paragraph\">Przygotowali\u015bmy dla Was praktyczny przewodnik krok po kroku, kt\u00f3ry pomo\u017ce przej\u015b\u0107 przez ten czas \u0142agodnie i bez zb\u0119dnego stresu.<\/p>\n\n\n\n<p class=\"wp-block-paragraph\"><strong>1. Kiedy zacz\u0105\u0107 przygotowania?<\/strong><\/p>\n\n\n\n<p class=\"wp-block-paragraph\">Nie na dzie\u0144 przed. Zacznij&nbsp;<strong>2-3 tygodnie przed startem<\/strong>.<\/p>\n\n\n\n<p class=\"wp-block-paragraph\">Dzieci kochaj\u0105 przewidywalno\u015b\u0107. To ona daje im poczucie bezpiecze\u0144stwa. Dlatego ju\u017c w domu wprowad\u017a rytm dnia zbli\u017cony do \u017c\u0142obkowego:<\/p>\n\n\n\n<ul class=\"wp-block-list\">\n<li>sta\u0142e pory posi\u0142k\u00f3w, drzemek i spacer\u00f3w<\/li>\n\n\n\n<li>kr\u00f3tkie, bezpieczne rozstania &#8211; np. zabawa z babci\u0105, cioci\u0105 czy tat\u0105, gdy mama wychodzi na zakupy. Maluch uczy si\u0119 wtedy najwa\u017cniejszego: rodzic zawsze wraca.<\/li>\n<\/ul>\n\n\n\n<p class=\"wp-block-paragraph\"><strong>2. Rozmowy i emocje &#8211; jak m\u00f3wi\u0107 o \u017c\u0142obku?<\/strong><\/p>\n\n\n\n<p class=\"wp-block-paragraph\">M\u00f3w prosto, konkretnie i pozytywnie. Zamiast: \u201eB\u0119dzie super, nie b\u0119dziesz p\u0142aka\u0107\u201d, powiedz:<\/p>\n\n\n\n<p class=\"wp-block-paragraph\"><em>\u201eW \u017c\u0142obku b\u0119dzie \u015bwietna zabawa, b\u0119dziesz si\u0119 bawi\u0107 klockami, zjesz zupk\u0119, p\u00f3jdziesz na spacer, a potem mama po Ciebie przyjdzie.\u201d<\/em><em><\/em><\/p>\n\n\n\n<p class=\"wp-block-paragraph\"><strong>Co pomaga:<\/strong><\/p>\n\n\n\n<ul class=\"wp-block-list\">\n<li>Ogl\u0105danie zdj\u0119\u0107 naszej sali, placu zabaw i opiekunek &#8211; znajdziecie je na naszej stronie i Facebooku.<\/li>\n\n\n\n<li>Czytanie ksi\u0105\u017ceczek o \u017c\u0142obku i przedszkolu.<\/li>\n\n\n\n<li>Nazywanie emocji: \u201eMo\u017cesz si\u0119 cieszy\u0107, ale mo\u017cesz te\u017c t\u0119skni\u0107 i to jest w porz\u0105dku.\u201d Daj dziecku s\u0142owa na to, co czuje.<\/li>\n<\/ul>\n\n\n\n<p class=\"wp-block-paragraph\"><strong><em>&nbsp;&nbsp; &nbsp;Nasz rytua\u0142 po\u017cegnania &#8211; z\u0142ota zasada adaptacji<\/em><\/strong><em><br>Ustalcie jeden, kr\u00f3tki i zawsze taki sam rytua\u0142. Np. przytulenie, has\u0142o \u201eKocham Ci\u0119, widzimy si\u0119 po podwieczorku\u201d i machanie w oknie. I co najwa\u017cniejsze &#8211; nie przed\u0142u\u017caj po\u017cegnania. D\u0142ugie po\u017cegnania zwi\u0119kszaj\u0105 l\u0119k.<\/em><em><\/em><\/p>\n\n\n\n<p class=\"wp-block-paragraph\"><strong>3. Rutyna i ma\u0142e kroki do samodzielno\u015bci<\/strong><\/p>\n\n\n\n<p class=\"wp-block-paragraph\">Nie musisz uczy\u0107 dziecka wszystkiego. Ka\u017cdy ma\u0142y krok buduje poczucie sprawczo\u015bci, kt\u00f3re w \u017c\u0142obku jest buforem bezpiecze\u0144stwa.<\/p>\n\n\n\n<p class=\"wp-block-paragraph\">Po\u0107wiczcie w domu:<\/p>\n\n\n\n<ul class=\"wp-block-list\">\n<li>picie z otwartego kubka \/ bidonu<\/li>\n\n\n\n<li>samodzielne jedzenie \u0142y\u017ceczk\u0105<\/li>\n\n\n\n<li>zdejmowanie bluzy, czapeczki<\/li>\n\n\n\n<li>sygnalizowanie potrzeb: \u201echc\u0119 pi\u0107\u201d, \u201esiku\u201d<\/li>\n\n\n\n<li>zasypianie w podobnym rytuale &#8211; ta sama ko\u0142ysanka czy szum, kt\u00f3ry mo\u017ce zabra\u0107 do \u017c\u0142obka<\/li>\n<\/ul>\n\n\n\n<p class=\"wp-block-paragraph\"><strong>4. Wyprawka do \u017c\u0142obka &#8211; checklista<\/strong><\/p>\n\n\n\n<p class=\"wp-block-paragraph\">Aby u\u0142atwi\u0107 poranki i zachowa\u0107 porz\u0105dek w szatni, prosimy o podpisanie wszystkich rzeczy.<\/p>\n\n\n\n<p class=\"wp-block-paragraph\"><strong>Co spakowa\u0107:<\/strong><\/p>\n\n\n\n<ul class=\"wp-block-list\">\n<li><strong>Ubrania na zmian\u0119<\/strong>\u00a0&#8211; 2 komplety na ka\u017cd\u0105 pogod\u0119: body, spodnie, skarpetki<\/li>\n\n\n\n<li><strong>Kapcie<\/strong>\u00a0&#8211; z antypo\u015blizgow\u0105 podeszw\u0105, \u0142atwe do samodzielnego za\u0142o\u017cenia<\/li>\n\n\n\n<li><strong>Bidon \/ butelka na wod\u0119<\/strong>\u00a0&#8211; sprawdzona w domu, \u0142atwa w myciu<\/li>\n\n\n\n<li><strong>Pieluszki, chusteczki i krem<\/strong>\u00a0&#8211; je\u015bli u\u017cywacie<\/li>\n\n\n\n<li><strong>Ulubiony kocyk lub ma\u0142a przytulanka<\/strong>\u00a0&#8211; zapach domu bardzo koi<\/li>\n<\/ul>\n\n\n\n<p class=\"wp-block-paragraph\"><strong>5. Pierwsze dni w \u017c\u0142obku &#8211; plan adaptacji<\/strong><\/p>\n\n\n\n<p class=\"wp-block-paragraph\">Adaptacj\u0119 ustalamy indywidualnie, ale najcz\u0119\u015bciej wygl\u0105da tak:<\/p>\n\n\n\n<p class=\"wp-block-paragraph\"><strong>Dzie\u0144 1-2:<\/strong>&nbsp;Przychodzicie razem na 30-120 minut. Poznanie sali, opiekunek, zabawa z rodzicem obok.<\/p>\n\n\n\n<p class=\"wp-block-paragraph\"><strong>Dzie\u0144 3-5:<\/strong>&nbsp;Kr\u00f3tkie rozstanie &#8211; dziecko zostaje samo na 1-2 godziny.<\/p>\n\n\n\n<p class=\"wp-block-paragraph\"><strong>Dzie\u0144 6 i dalsze dni:<\/strong>&nbsp;Stopniowo wyd\u0142u\u017camy pobyt, w\u0142\u0105czaj\u0105c posi\u0142ek i drzemk\u0119.<\/p>\n\n\n\n<p class=\"wp-block-paragraph\">Po ka\u017cdym dniu kr\u00f3tko porozmawiamy: jak spa\u0142o, jad\u0142o, bawi\u0142o si\u0119. Na tej podstawie wsp\u00f3lnie modyfikujemy plan.<\/p>\n\n\n\n<p class=\"wp-block-paragraph\"><strong>Mikrocele, kt\u00f3re pomagaj\u0105:<\/strong><\/p>\n\n\n\n<ul class=\"wp-block-list\">\n<li>Tydzie\u0144 1: spokojne po\u017cegnanie przy drzwiach<\/li>\n\n\n\n<li>Tydzie\u0144 2: drzemka w sali z innymi dzie\u0107mi<\/li>\n\n\n\n<li>Tydzie\u0144 3: swobodna zabawa w grupie<\/li>\n<\/ul>\n\n\n\n<p class=\"wp-block-paragraph\"><strong>6. Wsp\u00f3\u0142praca z kadr\u0105 to podstawa<\/strong><\/p>\n\n\n\n<p class=\"wp-block-paragraph\">Powiedz nam o swoim dziecku jak najwi\u0119cej: ulubiona zabawa, jak si\u0119 uspokaja, alergie, rytm dnia. Zapytaj nas o plan dnia, zasady i jak si\u0119 kontaktujemy.<\/p>\n\n\n\n<p class=\"wp-block-paragraph\">Ustalmy jeden, sta\u0142y kana\u0142 komunikacji &#8211; w naszej plac\u00f3wce to aplikacja \/ telefon. Kr\u00f3tkie, konkretne informacje z obu stron skracaj\u0105 adaptacj\u0119 o po\u0142ow\u0119. Sp\u00f3jno\u015b\u0107 mi\u0119dzy domem a \u017c\u0142obkiem to dla dziecka sygna\u0142: \u201eJestem bezpieczny\u201d.<\/p>\n\n\n\n<p class=\"wp-block-paragraph\"><strong>7. Logistyka i bezpiecze\u0144stwo<\/strong><\/p>\n\n\n\n<p class=\"wp-block-paragraph\">Przed startem sprawd\u017a:<\/p>\n\n\n\n<ul class=\"wp-block-list\">\n<li>procedury odbioru dziecka i list\u0119 os\u00f3b upowa\u017cnionych<\/li>\n\n\n\n<li>procedury higieny i post\u0119powania przy chorobie<\/li>\n\n\n\n<li>informacj\u0119 o lekach i alergiach &#8211; przeka\u017c nam na pi\u015bmie<\/li>\n<\/ul>\n\n\n\n<p class=\"wp-block-paragraph\">Zaplanuj dojazd z 15-minutowym zapasem, aby unikn\u0105\u0107 porannego po\u015bpiechu. Po \u017c\u0142obku stw\u00f3rz mi\u0142y rytua\u0142 powrotu &#8211; kr\u00f3tki spacer, wsp\u00f3lna przek\u0105ska na \u0142awce, 15 minut tylko dla Was. To pomaga roz\u0142adowa\u0107 emocje nagromadzone w ci\u0105gu dnia.<\/p>\n\n\n\n<p class=\"wp-block-paragraph\"><strong>8. Najcz\u0119stsze trudno\u015bci &#8211; to normalne<\/strong><\/p>\n\n\n\n<p class=\"wp-block-paragraph\"><strong>Trudne poranki i p\u0142acz przy rozstaniu?<\/strong>&nbsp;Skr\u00f3\u0107 po\u017cegnanie, wr\u00f3\u0107 do ustalonego rytua\u0142u. Zaakceptuj emocje: \u201eWidz\u0119, \u017ce jest Ci smutno. T\u0119sknisz. Przytul\u0119 Ci\u0119 i przyjd\u0119 po podwieczorku.\u201d<\/p>\n\n\n\n<p class=\"wp-block-paragraph\"><strong>Spadek apetytu, kr\u00f3tsze drzemki, gorszy sen w nocy?<\/strong>&nbsp;To typowe w pierwszych 2-3 tygodniach. Dostosuj kolacj\u0119 i czas zasypiania w domu. Chwal za wysi\u0142ek i odwag\u0119, nie za to, \u017ce \u201enie p\u0142aka\u0142\u201d.<\/p>\n\n\n\n<p class=\"wp-block-paragraph\"><em>Pami\u0119taj: dzieci potrzebuj\u0105 powtarzalno\u015bci, aby zaufa\u0107 nowemu miejscu. Konsekwencja i empatia to duet, kt\u00f3ry dzia\u0142a najlepiej.<\/em><em><\/em><\/p>\n\n\n\n<p class=\"wp-block-paragraph\">Adaptacja to maraton, nie sprint. Ka\u017cde dziecko ma swoje tempo. Naszym celem jest, aby Wasze dziecko poczu\u0142o si\u0119 u nas bezpiecznie, a Wy &#8211; spokojnie.<\/p>\n\n\n\n<p class=\"wp-block-paragraph\">Masz pytania? Porozmawiaj z nami, jeste\u015bmy tu, aby Wam pom\u00f3c w tym wa\u017cnym kroku.<\/p>\n\n\n\n<p class=\"wp-block-paragraph\"><strong>Zesp\u00f3\u0142 \u017b\u0142obka<\/strong><\/p>\n","protected":false},"excerpt":{"rendered":"<p>Pierwsze dni w \u017c\u0142obku to du\u017ca zmiana dla ca\u0142ej rodziny. Dla dziecka to nowe miejsce, nowe osoby i nowy rytm dnia. Dla rodzica &#8211; mn\u00f3stwo emocji. Dobra wiadomo\u015b\u0107 jest taka, \u017ce spokojna adaptacja to proces, kt\u00f3ry mo\u017cna zaplanowa\u0107. Przygotowali\u015bmy dla Was praktyczny przewodnik krok po kroku, kt\u00f3ry pomo\u017ce przej\u015b\u0107 przez ten czas \u0142agodnie i bez <a class=\"read-more-link\" href=\"https:\/\/zm2.zlobek.lukow.pl\/index.php\/2026\/09\/04\/jak-przygotowac-dziecko-do-zlobka-przewodnik-po-spokojnej-adaptacji\/\">Read More<\/a><\/p>\n","protected":false},"author":6,"featured_media":2792,"comment_status":"open","ping_status":"open","sticky":false,"template":"","format":"standard","meta":{"_editorskit_title_hidden":false,"_editorskit_reading_time":0,"_editorskit_is_block_options_detached":false,"_editorskit_block_options_position":"{}","_eb_attr":"","_uag_custom_page_level_css":"","footnotes":""},"categories":[9,10],"tags":[],"class_list":["post-2791","post","type-post","status-publish","format-standard","has-post-thumbnail","hentry","category-aktualnosci","category-porady-pielegniarki"],"yoast_head":"<!-- This site is optimized with the Yoast SEO plugin v25.9 - https:\/\/yoast.com\/wordpress\/plugins\/seo\/ -->\n<title>Jak przygotowa\u0107 dziecko do \u017c\u0142obka?                 Przewodnik po spokojnej adaptacji - M\u00f3j \u017c\u0142obek<\/title>\n<meta name=\"robots\" content=\"index, follow, max-snippet:-1, max-image-preview:large, max-video-preview:-1\" \/>\n<link rel=\"canonical\" href=\"https:\/\/zm2.zlobek.lukow.pl\/index.php\/2026\/09\/04\/jak-przygotowac-dziecko-do-zlobka-przewodnik-po-spokojnej-adaptacji\/\" \/>\n<meta property=\"og:locale\" content=\"pl_PL\" \/>\n<meta property=\"og:type\" content=\"article\" \/>\n<meta property=\"og:title\" content=\"Jak przygotowa\u0107 dziecko do \u017c\u0142obka?                 Przewodnik po spokojnej adaptacji - M\u00f3j \u017c\u0142obek\" \/>\n<meta property=\"og:description\" content=\"Pierwsze dni w \u017c\u0142obku to du\u017ca zmiana dla ca\u0142ej rodziny. Dla dziecka to nowe miejsce, nowe osoby i nowy rytm dnia. Dla rodzica &#8211; mn\u00f3stwo emocji. Dobra wiadomo\u015b\u0107 jest taka, \u017ce spokojna adaptacja to proces, kt\u00f3ry mo\u017cna zaplanowa\u0107. Przygotowali\u015bmy dla Was praktyczny przewodnik krok po kroku, kt\u00f3ry pomo\u017ce przej\u015b\u0107 przez ten czas \u0142agodnie i bez Read More\" \/>\n<meta property=\"og:url\" content=\"https:\/\/zm2.zlobek.lukow.pl\/index.php\/2026\/09\/04\/jak-przygotowac-dziecko-do-zlobka-przewodnik-po-spokojnej-adaptacji\/\" \/>\n<meta property=\"og:site_name\" content=\"M\u00f3j \u017c\u0142obek\" \/>\n<meta property=\"article:publisher\" content=\"https:\/\/www.facebook.com\/zlobek.lukow\/\" \/>\n<meta property=\"article:published_time\" content=\"2026-09-04T11:53:49+00:00\" \/>\n<meta property=\"article:modified_time\" content=\"2026-09-04T11:53:51+00:00\" \/>\n<meta property=\"og:image\" content=\"https:\/\/zm2.zlobek.lukow.pl\/wp-content\/uploads\/2026\/09\/zdjecie-na-strone.jpg\" \/>\n\t<meta property=\"og:image:width\" content=\"852\" \/>\n\t<meta property=\"og:image:height\" content=\"497\" \/>\n\t<meta property=\"og:image:type\" content=\"image\/jpeg\" \/>\n<meta name=\"author\" content=\"Anna Czerepi\u0144ska\" \/>\n<meta name=\"twitter:card\" content=\"summary_large_image\" \/>\n<meta name=\"twitter:label1\" content=\"Napisane przez\" \/>\n\t<meta name=\"twitter:data1\" content=\"Anna Czerepi\u0144ska\" \/>\n\t<meta name=\"twitter:label2\" content=\"Szacowany czas czytania\" \/>\n\t<meta name=\"twitter:data2\" content=\"5 minut\" \/>\n<script type=\"application\/ld+json\" class=\"yoast-schema-graph\">{\"@context\":\"https:\/\/schema.org\",\"@graph\":[{\"@type\":\"Article\",\"@id\":\"https:\/\/zm2.zlobek.lukow.pl\/index.php\/2026\/09\/04\/jak-przygotowac-dziecko-do-zlobka-przewodnik-po-spokojnej-adaptacji\/#article\",\"isPartOf\":{\"@id\":\"https:\/\/zm2.zlobek.lukow.pl\/index.php\/2026\/09\/04\/jak-przygotowac-dziecko-do-zlobka-przewodnik-po-spokojnej-adaptacji\/\"},\"author\":{\"name\":\"Anna Czerepi\u0144ska\",\"@id\":\"https:\/\/zm2.zlobek.lukow.pl\/#\/schema\/person\/442e354791c7992e8e73620376537409\"},\"headline\":\"Jak przygotowa\u0107 dziecko do \u017c\u0142obka? Przewodnik po spokojnej adaptacji\",\"datePublished\":\"2026-09-04T11:53:49+00:00\",\"dateModified\":\"2026-09-04T11:53:51+00:00\",\"mainEntityOfPage\":{\"@id\":\"https:\/\/zm2.zlobek.lukow.pl\/index.php\/2026\/09\/04\/jak-przygotowac-dziecko-do-zlobka-przewodnik-po-spokojnej-adaptacji\/\"},\"wordCount\":838,\"commentCount\":0,\"publisher\":{\"@id\":\"https:\/\/zm2.zlobek.lukow.pl\/#organization\"},\"image\":{\"@id\":\"https:\/\/zm2.zlobek.lukow.pl\/index.php\/2026\/09\/04\/jak-przygotowac-dziecko-do-zlobka-przewodnik-po-spokojnej-adaptacji\/#primaryimage\"},\"thumbnailUrl\":\"https:\/\/zm2.zlobek.lukow.pl\/wp-content\/uploads\/2026\/09\/zdjecie-na-strone.jpg\",\"articleSection\":[\"Aktualno\u015bci\",\"Porady piel\u0119gniarki\"],\"inLanguage\":\"pl-PL\",\"potentialAction\":[{\"@type\":\"CommentAction\",\"name\":\"Comment\",\"target\":[\"https:\/\/zm2.zlobek.lukow.pl\/index.php\/2026\/09\/04\/jak-przygotowac-dziecko-do-zlobka-przewodnik-po-spokojnej-adaptacji\/#respond\"]}]},{\"@type\":\"WebPage\",\"@id\":\"https:\/\/zm2.zlobek.lukow.pl\/index.php\/2026\/09\/04\/jak-przygotowac-dziecko-do-zlobka-przewodnik-po-spokojnej-adaptacji\/\",\"url\":\"https:\/\/zm2.zlobek.lukow.pl\/index.php\/2026\/09\/04\/jak-przygotowac-dziecko-do-zlobka-przewodnik-po-spokojnej-adaptacji\/\",\"name\":\"Jak przygotowa\u0107 dziecko do \u017c\u0142obka? Przewodnik po spokojnej adaptacji - M\u00f3j \u017c\u0142obek\",\"isPartOf\":{\"@id\":\"https:\/\/zm2.zlobek.lukow.pl\/#website\"},\"primaryImageOfPage\":{\"@id\":\"https:\/\/zm2.zlobek.lukow.pl\/index.php\/2026\/09\/04\/jak-przygotowac-dziecko-do-zlobka-przewodnik-po-spokojnej-adaptacji\/#primaryimage\"},\"image\":{\"@id\":\"https:\/\/zm2.zlobek.lukow.pl\/index.php\/2026\/09\/04\/jak-przygotowac-dziecko-do-zlobka-przewodnik-po-spokojnej-adaptacji\/#primaryimage\"},\"thumbnailUrl\":\"https:\/\/zm2.zlobek.lukow.pl\/wp-content\/uploads\/2026\/09\/zdjecie-na-strone.jpg\",\"datePublished\":\"2026-09-04T11:53:49+00:00\",\"dateModified\":\"2026-09-04T11:53:51+00:00\",\"breadcrumb\":{\"@id\":\"https:\/\/zm2.zlobek.lukow.pl\/index.php\/2026\/09\/04\/jak-przygotowac-dziecko-do-zlobka-przewodnik-po-spokojnej-adaptacji\/#breadcrumb\"},\"inLanguage\":\"pl-PL\",\"potentialAction\":[{\"@type\":\"ReadAction\",\"target\":[\"https:\/\/zm2.zlobek.lukow.pl\/index.php\/2026\/09\/04\/jak-przygotowac-dziecko-do-zlobka-przewodnik-po-spokojnej-adaptacji\/\"]}]},{\"@type\":\"ImageObject\",\"inLanguage\":\"pl-PL\",\"@id\":\"https:\/\/zm2.zlobek.lukow.pl\/index.php\/2026\/09\/04\/jak-przygotowac-dziecko-do-zlobka-przewodnik-po-spokojnej-adaptacji\/#primaryimage\",\"url\":\"https:\/\/zm2.zlobek.lukow.pl\/wp-content\/uploads\/2026\/09\/zdjecie-na-strone.jpg\",\"contentUrl\":\"https:\/\/zm2.zlobek.lukow.pl\/wp-content\/uploads\/2026\/09\/zdjecie-na-strone.jpg\",\"width\":852,\"height\":497},{\"@type\":\"BreadcrumbList\",\"@id\":\"https:\/\/zm2.zlobek.lukow.pl\/index.php\/2026\/09\/04\/jak-przygotowac-dziecko-do-zlobka-przewodnik-po-spokojnej-adaptacji\/#breadcrumb\",\"itemListElement\":[{\"@type\":\"ListItem\",\"position\":1,\"name\":\"Strona g\u0142\u00f3wna\",\"item\":\"https:\/\/zm2.zlobek.lukow.pl\/\"},{\"@type\":\"ListItem\",\"position\":2,\"name\":\"Jak przygotowa\u0107 dziecko do \u017c\u0142obka? Przewodnik po spokojnej adaptacji\"}]},{\"@type\":\"WebSite\",\"@id\":\"https:\/\/zm2.zlobek.lukow.pl\/#website\",\"url\":\"https:\/\/zm2.zlobek.lukow.pl\/\",\"name\":\"M\u00f3j \u017c\u0142obek\",\"description\":\"Rozwijaj pasje i odkrywaj \u015bwiat \u2013 z nami ka\u017cde dziecko jest wyj\u0105tkowe!\",\"publisher\":{\"@id\":\"https:\/\/zm2.zlobek.lukow.pl\/#organization\"},\"potentialAction\":[{\"@type\":\"SearchAction\",\"target\":{\"@type\":\"EntryPoint\",\"urlTemplate\":\"https:\/\/zm2.zlobek.lukow.pl\/?s={search_term_string}\"},\"query-input\":{\"@type\":\"PropertyValueSpecification\",\"valueRequired\":true,\"valueName\":\"search_term_string\"}}],\"inLanguage\":\"pl-PL\"},{\"@type\":\"Organization\",\"@id\":\"https:\/\/zm2.zlobek.lukow.pl\/#organization\",\"name\":\"M\u00f3j \u017c\u0142obek\",\"url\":\"https:\/\/zm2.zlobek.lukow.pl\/\",\"logo\":{\"@type\":\"ImageObject\",\"inLanguage\":\"pl-PL\",\"@id\":\"https:\/\/zm2.zlobek.lukow.pl\/#\/schema\/logo\/image\/\",\"url\":\"https:\/\/zm2.zlobek.lukow.pl\/wp-content\/uploads\/2026\/06\/cropped-Logo_3.png\",\"contentUrl\":\"https:\/\/zm2.zlobek.lukow.pl\/wp-content\/uploads\/2026\/06\/cropped-Logo_3.png\",\"width\":1718,\"height\":575,\"caption\":\"M\u00f3j \u017c\u0142obek\"},\"image\":{\"@id\":\"https:\/\/zm2.zlobek.lukow.pl\/#\/schema\/logo\/image\/\"},\"sameAs\":[\"https:\/\/www.facebook.com\/zlobek.lukow\/\"]},{\"@type\":\"Person\",\"@id\":\"https:\/\/zm2.zlobek.lukow.pl\/#\/schema\/person\/442e354791c7992e8e73620376537409\",\"name\":\"Anna Czerepi\u0144ska\",\"image\":{\"@type\":\"ImageObject\",\"inLanguage\":\"pl-PL\",\"@id\":\"https:\/\/zm2.zlobek.lukow.pl\/#\/schema\/person\/image\/\",\"url\":\"https:\/\/secure.gravatar.com\/avatar\/f2784d6ac8a0d9ff2fb092de24ee9c718de8649dee93fc8a4ff542b511059729?s=96&d=mm&r=g\",\"contentUrl\":\"https:\/\/secure.gravatar.com\/avatar\/f2784d6ac8a0d9ff2fb092de24ee9c718de8649dee93fc8a4ff542b511059729?s=96&d=mm&r=g\",\"caption\":\"Anna Czerepi\u0144ska\"},\"url\":\"https:\/\/zm2.zlobek.lukow.pl\/index.php\/author\/a-czerepinska\/\"}]}<\/script>\n<!-- \/ Yoast SEO plugin. -->","yoast_head_json":{"title":"Jak przygotowa\u0107 dziecko do \u017c\u0142obka?                 Przewodnik po spokojnej adaptacji - M\u00f3j \u017c\u0142obek","robots":{"index":"index","follow":"follow","max-snippet":"max-snippet:-1","max-image-preview":"max-image-preview:large","max-video-preview":"max-video-preview:-1"},"canonical":"https:\/\/zm2.zlobek.lukow.pl\/index.php\/2026\/09\/04\/jak-przygotowac-dziecko-do-zlobka-przewodnik-po-spokojnej-adaptacji\/","og_locale":"pl_PL","og_type":"article","og_title":"Jak przygotowa\u0107 dziecko do \u017c\u0142obka?                 Przewodnik po spokojnej adaptacji - M\u00f3j \u017c\u0142obek","og_description":"Pierwsze dni w \u017c\u0142obku to du\u017ca zmiana dla ca\u0142ej rodziny. Dla dziecka to nowe miejsce, nowe osoby i nowy rytm dnia. Dla rodzica &#8211; mn\u00f3stwo emocji. Dobra wiadomo\u015b\u0107 jest taka, \u017ce spokojna adaptacja to proces, kt\u00f3ry mo\u017cna zaplanowa\u0107. Przygotowali\u015bmy dla Was praktyczny przewodnik krok po kroku, kt\u00f3ry pomo\u017ce przej\u015b\u0107 przez ten czas \u0142agodnie i bez Read More","og_url":"https:\/\/zm2.zlobek.lukow.pl\/index.php\/2026\/09\/04\/jak-przygotowac-dziecko-do-zlobka-przewodnik-po-spokojnej-adaptacji\/","og_site_name":"M\u00f3j \u017c\u0142obek","article_publisher":"https:\/\/www.facebook.com\/zlobek.lukow\/","article_published_time":"2026-09-04T11:53:49+00:00","article_modified_time":"2026-09-04T11:53:51+00:00","og_image":[{"width":852,"height":497,"url":"https:\/\/zm2.zlobek.lukow.pl\/wp-content\/uploads\/2026\/09\/zdjecie-na-strone.jpg","type":"image\/jpeg"}],"author":"Anna Czerepi\u0144ska","twitter_card":"summary_large_image","twitter_misc":{"Napisane przez":"Anna Czerepi\u0144ska","Szacowany czas czytania":"5 minut"},"schema":{"@context":"https:\/\/schema.org","@graph":[{"@type":"Article","@id":"https:\/\/zm2.zlobek.lukow.pl\/index.php\/2026\/09\/04\/jak-przygotowac-dziecko-do-zlobka-przewodnik-po-spokojnej-adaptacji\/#article","isPartOf":{"@id":"https:\/\/zm2.zlobek.lukow.pl\/index.php\/2026\/09\/04\/jak-przygotowac-dziecko-do-zlobka-przewodnik-po-spokojnej-adaptacji\/"},"author":{"name":"Anna Czerepi\u0144ska","@id":"https:\/\/zm2.zlobek.lukow.pl\/#\/schema\/person\/442e354791c7992e8e73620376537409"},"headline":"Jak przygotowa\u0107 dziecko do \u017c\u0142obka? Przewodnik po spokojnej adaptacji","datePublished":"2026-09-04T11:53:49+00:00","dateModified":"2026-09-04T11:53:51+00:00","mainEntityOfPage":{"@id":"https:\/\/zm2.zlobek.lukow.pl\/index.php\/2026\/09\/04\/jak-przygotowac-dziecko-do-zlobka-przewodnik-po-spokojnej-adaptacji\/"},"wordCount":838,"commentCount":0,"publisher":{"@id":"https:\/\/zm2.zlobek.lukow.pl\/#organization"},"image":{"@id":"https:\/\/zm2.zlobek.lukow.pl\/index.php\/2026\/09\/04\/jak-przygotowac-dziecko-do-zlobka-przewodnik-po-spokojnej-adaptacji\/#primaryimage"},"thumbnailUrl":"https:\/\/zm2.zlobek.lukow.pl\/wp-content\/uploads\/2026\/09\/zdjecie-na-strone.jpg","articleSection":["Aktualno\u015bci","Porady piel\u0119gniarki"],"inLanguage":"pl-PL","potentialAction":[{"@type":"CommentAction","name":"Comment","target":["https:\/\/zm2.zlobek.lukow.pl\/index.php\/2026\/09\/04\/jak-przygotowac-dziecko-do-zlobka-przewodnik-po-spokojnej-adaptacji\/#respond"]}]},{"@type":"WebPage","@id":"https:\/\/zm2.zlobek.lukow.pl\/index.php\/2026\/09\/04\/jak-przygotowac-dziecko-do-zlobka-przewodnik-po-spokojnej-adaptacji\/","url":"https:\/\/zm2.zlobek.lukow.pl\/index.php\/2026\/09\/04\/jak-przygotowac-dziecko-do-zlobka-przewodnik-po-spokojnej-adaptacji\/","name":"Jak przygotowa\u0107 dziecko do \u017c\u0142obka? Przewodnik po spokojnej adaptacji - M\u00f3j \u017c\u0142obek","isPartOf":{"@id":"https:\/\/zm2.zlobek.lukow.pl\/#website"},"primaryImageOfPage":{"@id":"https:\/\/zm2.zlobek.lukow.pl\/index.php\/2026\/09\/04\/jak-przygotowac-dziecko-do-zlobka-przewodnik-po-spokojnej-adaptacji\/#primaryimage"},"image":{"@id":"https:\/\/zm2.zlobek.lukow.pl\/index.php\/2026\/09\/04\/jak-przygotowac-dziecko-do-zlobka-przewodnik-po-spokojnej-adaptacji\/#primaryimage"},"thumbnailUrl":"https:\/\/zm2.zlobek.lukow.pl\/wp-content\/uploads\/2026\/09\/zdjecie-na-strone.jpg","datePublished":"2026-09-04T11:53:49+00:00","dateModified":"2026-09-04T11:53:51+00:00","breadcrumb":{"@id":"https:\/\/zm2.zlobek.lukow.pl\/index.php\/2026\/09\/04\/jak-przygotowac-dziecko-do-zlobka-przewodnik-po-spokojnej-adaptacji\/#breadcrumb"},"inLanguage":"pl-PL","potentialAction":[{"@type":"ReadAction","target":["https:\/\/zm2.zlobek.lukow.pl\/index.php\/2026\/09\/04\/jak-przygotowac-dziecko-do-zlobka-przewodnik-po-spokojnej-adaptacji\/"]}]},{"@type":"ImageObject","inLanguage":"pl-PL","@id":"https:\/\/zm2.zlobek.lukow.pl\/index.php\/2026\/09\/04\/jak-przygotowac-dziecko-do-zlobka-przewodnik-po-spokojnej-adaptacji\/#primaryimage","url":"https:\/\/zm2.zlobek.lukow.pl\/wp-content\/uploads\/2026\/09\/zdjecie-na-strone.jpg","contentUrl":"https:\/\/zm2.zlobek.lukow.pl\/wp-content\/uploads\/2026\/09\/zdjecie-na-strone.jpg","width":852,"height":497},{"@type":"BreadcrumbList","@id":"https:\/\/zm2.zlobek.lukow.pl\/index.php\/2026\/09\/04\/jak-przygotowac-dziecko-do-zlobka-przewodnik-po-spokojnej-adaptacji\/#breadcrumb","itemListElement":[{"@type":"ListItem","position":1,"name":"Strona g\u0142\u00f3wna","item":"https:\/\/zm2.zlobek.lukow.pl\/"},{"@type":"ListItem","position":2,"name":"Jak przygotowa\u0107 dziecko do \u017c\u0142obka? Przewodnik po spokojnej adaptacji"}]},{"@type":"WebSite","@id":"https:\/\/zm2.zlobek.lukow.pl\/#website","url":"https:\/\/zm2.zlobek.lukow.pl\/","name":"M\u00f3j \u017c\u0142obek","description":"Rozwijaj pasje i odkrywaj \u015bwiat \u2013 z nami ka\u017cde dziecko jest wyj\u0105tkowe!","publisher":{"@id":"https:\/\/zm2.zlobek.lukow.pl\/#organization"},"potentialAction":[{"@type":"SearchAction","target":{"@type":"EntryPoint","urlTemplate":"https:\/\/zm2.zlobek.lukow.pl\/?s={search_term_string}"},"query-input":{"@type":"PropertyValueSpecification","valueRequired":true,"valueName":"search_term_string"}}],"inLanguage":"pl-PL"},{"@type":"Organization","@id":"https:\/\/zm2.zlobek.lukow.pl\/#organization","name":"M\u00f3j \u017c\u0142obek","url":"https:\/\/zm2.zlobek.lukow.pl\/","logo":{"@type":"ImageObject","inLanguage":"pl-PL","@id":"https:\/\/zm2.zlobek.lukow.pl\/#\/schema\/logo\/image\/","url":"https:\/\/zm2.zlobek.lukow.pl\/wp-content\/uploads\/2026\/06\/cropped-Logo_3.png","contentUrl":"https:\/\/zm2.zlobek.lukow.pl\/wp-content\/uploads\/2026\/06\/cropped-Logo_3.png","width":1718,"height":575,"caption":"M\u00f3j \u017c\u0142obek"},"image":{"@id":"https:\/\/zm2.zlobek.lukow.pl\/#\/schema\/logo\/image\/"},"sameAs":["https:\/\/www.facebook.com\/zlobek.lukow\/"]},{"@type":"Person","@id":"https:\/\/zm2.zlobek.lukow.pl\/#\/schema\/person\/442e354791c7992e8e73620376537409","name":"Anna Czerepi\u0144ska","image":{"@type":"ImageObject","inLanguage":"pl-PL","@id":"https:\/\/zm2.zlobek.lukow.pl\/#\/schema\/person\/image\/","url":"https:\/\/secure.gravatar.com\/avatar\/f2784d6ac8a0d9ff2fb092de24ee9c718de8649dee93fc8a4ff542b511059729?s=96&d=mm&r=g","contentUrl":"https:\/\/secure.gravatar.com\/avatar\/f2784d6ac8a0d9ff2fb092de24ee9c718de8649dee93fc8a4ff542b511059729?s=96&d=mm&r=g","caption":"Anna Czerepi\u0144ska"},"url":"https:\/\/zm2.zlobek.lukow.pl\/index.php\/author\/a-czerepinska\/"}]}},"uagb_featured_image_src":{"full":["https:\/\/zm2.zlobek.lukow.pl\/wp-content\/uploads\/2026\/09\/zdjecie-na-strone.jpg",852,497,false],"thumbnail":["https:\/\/zm2.zlobek.lukow.pl\/wp-content\/uploads\/2026\/09\/zdjecie-na-strone-150x150.jpg",150,150,true],"medium":["https:\/\/zm2.zlobek.lukow.pl\/wp-content\/uploads\/2026\/09\/zdjecie-na-strone-300x175.jpg",300,175,true],"medium_large":["https:\/\/zm2.zlobek.lukow.pl\/wp-content\/uploads\/2026\/09\/zdjecie-na-strone-768x448.jpg",768,448,true],"large":["https:\/\/zm2.zlobek.lukow.pl\/wp-content\/uploads\/2026\/09\/zdjecie-na-strone.jpg",852,497,false],"1536x1536":["https:\/\/zm2.zlobek.lukow.pl\/wp-content\/uploads\/2026\/09\/zdjecie-na-strone.jpg",852,497,false],"2048x2048":["https:\/\/zm2.zlobek.lukow.pl\/wp-content\/uploads\/2026\/09\/zdjecie-na-strone.jpg",852,497,false],"homepage-slider":["https:\/\/zm2.zlobek.lukow.pl\/wp-content\/uploads\/2026\/09\/zdjecie-na-strone.jpg",852,497,false],"homepage-slider-small":["https:\/\/zm2.zlobek.lukow.pl\/wp-content\/uploads\/2026\/09\/zdjecie-na-strone.jpg",852,497,false],"page-top":["https:\/\/zm2.zlobek.lukow.pl\/wp-content\/uploads\/2026\/09\/zdjecie-na-strone.jpg",852,497,false],"page-small":["https:\/\/zm2.zlobek.lukow.pl\/wp-content\/uploads\/2026\/09\/zdjecie-na-strone-624x364.jpg",624,364,true],"loop-main":["https:\/\/zm2.zlobek.lukow.pl\/wp-content\/uploads\/2026\/09\/zdjecie-na-strone-365x240.jpg",365,240,true],"thumb-gallery-widget":["https:\/\/zm2.zlobek.lukow.pl\/wp-content\/uploads\/2026\/09\/zdjecie-na-strone-84x56.jpg",84,56,true]},"uagb_author_info":{"display_name":"Anna Czerepi\u0144ska","author_link":"https:\/\/zm2.zlobek.lukow.pl\/index.php\/author\/a-czerepinska\/"},"uagb_comment_info":0,"uagb_excerpt":"Pierwsze dni w \u017c\u0142obku to du\u017ca zmiana dla ca\u0142ej rodziny. Dla dziecka to nowe miejsce, nowe osoby i nowy rytm dnia. Dla rodzica &#8211; mn\u00f3stwo emocji. Dobra wiadomo\u015b\u0107 jest taka, \u017ce spokojna adaptacja to proces, kt\u00f3ry mo\u017cna zaplanowa\u0107. Przygotowali\u015bmy dla Was praktyczny przewodnik krok po kroku, kt\u00f3ry pomo\u017ce przej\u015b\u0107 przez ten czas \u0142agodnie i bez&hellip;","_links":{"self":[{"href":"https:\/\/zm2.zlobek.lukow.pl\/index.php\/wp-json\/wp\/v2\/posts\/2791","targetHints":{"allow":["GET"]}}],"collection":[{"href":"https:\/\/zm2.zlobek.lukow.pl\/index.php\/wp-json\/wp\/v2\/posts"}],"about":[{"href":"https:\/\/zm2.zlobek.lukow.pl\/index.php\/wp-json\/wp\/v2\/types\/post"}],"author":[{"embeddable":true,"href":"https:\/\/zm2.zlobek.lukow.pl\/index.php\/wp-json\/wp\/v2\/users\/6"}],"replies":[{"embeddable":true,"href":"https:\/\/zm2.zlobek.lukow.pl\/index.php\/wp-json\/wp\/v2\/comments?post=2791"}],"version-history":[{"count":1,"href":"https:\/\/zm2.zlobek.lukow.pl\/index.php\/wp-json\/wp\/v2\/posts\/2791\/revisions"}],"predecessor-version":[{"id":2793,"href":"https:\/\/zm2.zlobek.lukow.pl\/index.php\/wp-json\/wp\/v2\/posts\/2791\/revisions\/2793"}],"wp:featuredmedia":[{"embeddable":true,"href":"https:\/\/zm2.zlobek.lukow.pl\/index.php\/wp-json\/wp\/v2\/media\/2792"}],"wp:attachment":[{"href":"https:\/\/zm2.zlobek.lukow.pl\/index.php\/wp-json\/wp\/v2\/media?parent=2791"}],"wp:term":[{"taxonomy":"category","embeddable":true,"href":"https:\/\/zm2.zlobek.lukow.pl\/index.php\/wp-json\/wp\/v2\/categories?post=2791"},{"taxonomy":"post_tag","embeddable":true,"href":"https:\/\/zm2.zlobek.lukow.pl\/index.php\/wp-json\/wp\/v2\/tags?post=2791"}],"curies":[{"name":"wp","href":"https:\/\/api.w.org\/{rel}","templated":true}]}}