{"id":2771,"date":"2026-08-25T07:05:54","date_gmt":"2026-08-25T07:05:54","guid":{"rendered":"https:\/\/zm2.zlobek.lukow.pl\/?p=2771"},"modified":"2026-08-25T07:21:00","modified_gmt":"2026-08-25T07:21:00","slug":"uroczyste-otwarcie-zlobka-miejskiego-nr2-w-lukowie","status":"publish","type":"post","link":"https:\/\/zm2.zlobek.lukow.pl\/index.php\/2026\/08\/25\/uroczyste-otwarcie-zlobka-miejskiego-nr2-w-lukowie\/","title":{"rendered":"Uroczyste otwarcie \u017b\u0142obka Miejskiego Nr2 w \u0141ukowie"},"content":{"rendered":"\n<p class=\"wp-block-paragraph\">Dzie\u0144 28 lipca 2026 roku na d\u0142ugo pozostanie w naszej pami\u0119ci. Tego dnia z ogromn\u0105 rado\u015bci\u0105 i wzruszeniem otworzyli\u015bmy drzwi \u017b\u0142obka Miejskiego Nr 2 w \u0141ukowie \u2013 miejsca stworzonego z my\u015bl\u0105 o najm\u0142odszych dzieciach i ich rodzinach.<\/p>\n\n\n\n<p class=\"wp-block-paragraph\">Podczas uroczysto\u015bci, w obecno\u015bci zaproszonych go\u015bci, symbolicznie przeci\u0119to wst\u0119g\u0119 oraz po\u015bwi\u0119cono nowy budynek. By\u0142 to wyj\u0105tkowy moment, kt\u00f3ry rozpocz\u0105\u0142 histori\u0119 naszej plac\u00f3wki. Nast\u0119pnie wsp\u00f3lnie zwiedzili\u015bmy jasne, kolorowe i przyjazne wn\u0119trza, przygotowane tak, aby ka\u017cde dziecko mog\u0142o czu\u0107 si\u0119 tutaj bezpiecznie, swobodnie i po prostu jak w domu.<\/p>\n\n\n\n<p class=\"wp-block-paragraph\">Od pierwszego dnia wiedzieli\u015bmy, \u017ce ten budynek to co\u015b wi\u0119cej ni\u017c tylko nowoczesne sale i pi\u0119kne wyposa\u017cenie. To miejsce, w kt\u00f3rym narodz\u0105 si\u0119 pierwsze przyja\u017anie, rozbrzmiewa\u0107 b\u0119dzie dzieci\u0119cy \u015bmiech i rozpocznie si\u0119 codzienne odkrywanie \u015bwiata. Ka\u017cdy k\u0105cik zosta\u0142 przygotowany z my\u015bl\u0105 o ma\u0142ych odkrywcach, kt\u00f3rzy ka\u017cdego dnia maj\u0105 rozwija\u0107 swoje talenty, zdobywa\u0107 nowe umiej\u0119tno\u015bci i poznawa\u0107 \u015bwiat poprzez zabaw\u0119.<\/p>\n\n\n\n<p class=\"wp-block-paragraph\">Jeste\u015bmy szcz\u0119\u015bliwi, \u017ce mogli\u015bmy powita\u0107 naszych najm\u0142odszych podopiecznych w\u0142a\u015bnie w tym wyj\u0105tkowym miejscu. Ka\u017cdego dnia z trosk\u0105, u\u015bmiechem i zaanga\u017cowaniem b\u0119dziemy towarzyszy\u0107 im w stawianiu pierwszych krok\u00f3w ku samodzielno\u015bci, dbaj\u0105c o to, aby czuli si\u0119 kochani, bezpieczni i wa\u017cni.<\/p>\n\n\n\n<p class=\"wp-block-paragraph\">Dzi\u0119kujemy wszystkim, kt\u00f3rzy byli z nami w tym szczeg\u00f3lnym dniu i przyczynili si\u0119 do powstania naszej plac\u00f3wki. Wierzymy, \u017ce \u017b\u0142obek Miejski Nr 2 w \u0141ukowie stanie si\u0119 drugim domem dla wielu dzieci \u2013 miejscem pe\u0142nym ciep\u0142a, rado\u015bci, wsp\u00f3lnej zabawy i pi\u0119knych wspomnie\u0144.<\/p>\n\n\n\n<p class=\"wp-block-paragraph\"><em>To jest pocz\u0105tek pi\u0119knej historii, kt\u00f3r\u0105 ka\u017cdego dnia wsp\u00f3lnie piszemy z naszymi dzie\u0107mi i ich rodzinami.\u201d<\/em><\/p>\n\n\n\n<figure class=\"wp-block-image size-large\"><img decoding=\"async\" width=\"1024\" height=\"768\" data-src=\"https:\/\/zm2.zlobek.lukow.pl\/wp-content\/uploads\/2026\/08\/IMG-20260807-WA0121-1024x768.jpg\" alt=\"\" class=\"wp-image-2768 lazyload\" data-srcset=\"https:\/\/zm2.zlobek.lukow.pl\/wp-content\/uploads\/2026\/08\/IMG-20260807-WA0121-1024x768.jpg 1024w, https:\/\/zm2.zlobek.lukow.pl\/wp-content\/uploads\/2026\/08\/IMG-20260807-WA0121-300x225.jpg 300w, https:\/\/zm2.zlobek.lukow.pl\/wp-content\/uploads\/2026\/08\/IMG-20260807-WA0121-768x576.jpg 768w, https:\/\/zm2.zlobek.lukow.pl\/wp-content\/uploads\/2026\/08\/IMG-20260807-WA0121-1536x1152.jpg 1536w, https:\/\/zm2.zlobek.lukow.pl\/wp-content\/uploads\/2026\/08\/IMG-20260807-WA0121-947x710.jpg 947w, https:\/\/zm2.zlobek.lukow.pl\/wp-content\/uploads\/2026\/08\/IMG-20260807-WA0121-624x468.jpg 624w, https:\/\/zm2.zlobek.lukow.pl\/wp-content\/uploads\/2026\/08\/IMG-20260807-WA0121.jpg 1600w\" data-sizes=\"(max-width: 1024px) 100vw, 1024px\" src=\"data:image\/svg+xml;base64,PHN2ZyB3aWR0aD0iMSIgaGVpZ2h0PSIxIiB4bWxucz0iaHR0cDovL3d3dy53My5vcmcvMjAwMC9zdmciPjwvc3ZnPg==\" style=\"--smush-placeholder-width: 1024px; --smush-placeholder-aspect-ratio: 1024\/768;\" \/><\/figure>\n\n\n\n<figure class=\"wp-block-image size-large\"><img decoding=\"async\" width=\"768\" height=\"1024\" data-src=\"https:\/\/zm2.zlobek.lukow.pl\/wp-content\/uploads\/2026\/08\/IMG-20260810-WA0012-768x1024.jpg\" alt=\"\" class=\"wp-image-2770 lazyload\" data-srcset=\"https:\/\/zm2.zlobek.lukow.pl\/wp-content\/uploads\/2026\/08\/IMG-20260810-WA0012-768x1024.jpg 768w, https:\/\/zm2.zlobek.lukow.pl\/wp-content\/uploads\/2026\/08\/IMG-20260810-WA0012-225x300.jpg 225w, https:\/\/zm2.zlobek.lukow.pl\/wp-content\/uploads\/2026\/08\/IMG-20260810-WA0012-1152x1536.jpg 1152w, https:\/\/zm2.zlobek.lukow.pl\/wp-content\/uploads\/2026\/08\/IMG-20260810-WA0012-947x1263.jpg 947w, https:\/\/zm2.zlobek.lukow.pl\/wp-content\/uploads\/2026\/08\/IMG-20260810-WA0012-624x832.jpg 624w, https:\/\/zm2.zlobek.lukow.pl\/wp-content\/uploads\/2026\/08\/IMG-20260810-WA0012.jpg 1536w\" data-sizes=\"(max-width: 768px) 100vw, 768px\" src=\"data:image\/svg+xml;base64,PHN2ZyB3aWR0aD0iMSIgaGVpZ2h0PSIxIiB4bWxucz0iaHR0cDovL3d3dy53My5vcmcvMjAwMC9zdmciPjwvc3ZnPg==\" style=\"--smush-placeholder-width: 768px; --smush-placeholder-aspect-ratio: 768\/1024;\" \/><\/figure>\n\n\n\n<figure class=\"wp-block-image size-large\"><img decoding=\"async\" width=\"768\" height=\"1024\" data-src=\"https:\/\/zm2.zlobek.lukow.pl\/wp-content\/uploads\/2026\/08\/IMG-20260807-WA0106-768x1024.jpg\" alt=\"\" class=\"wp-image-2766 lazyload\" data-srcset=\"https:\/\/zm2.zlobek.lukow.pl\/wp-content\/uploads\/2026\/08\/IMG-20260807-WA0106-768x1024.jpg 768w, https:\/\/zm2.zlobek.lukow.pl\/wp-content\/uploads\/2026\/08\/IMG-20260807-WA0106-225x300.jpg 225w, https:\/\/zm2.zlobek.lukow.pl\/wp-content\/uploads\/2026\/08\/IMG-20260807-WA0106-1152x1536.jpg 1152w, https:\/\/zm2.zlobek.lukow.pl\/wp-content\/uploads\/2026\/08\/IMG-20260807-WA0106-947x1263.jpg 947w, https:\/\/zm2.zlobek.lukow.pl\/wp-content\/uploads\/2026\/08\/IMG-20260807-WA0106-624x832.jpg 624w, https:\/\/zm2.zlobek.lukow.pl\/wp-content\/uploads\/2026\/08\/IMG-20260807-WA0106.jpg 1200w\" data-sizes=\"(max-width: 768px) 100vw, 768px\" src=\"data:image\/svg+xml;base64,PHN2ZyB3aWR0aD0iMSIgaGVpZ2h0PSIxIiB4bWxucz0iaHR0cDovL3d3dy53My5vcmcvMjAwMC9zdmciPjwvc3ZnPg==\" style=\"--smush-placeholder-width: 768px; --smush-placeholder-aspect-ratio: 768\/1024;\" \/><\/figure>\n\n\n\n<figure class=\"wp-block-image size-large\"><img decoding=\"async\" width=\"1024\" height=\"768\" data-src=\"https:\/\/zm2.zlobek.lukow.pl\/wp-content\/uploads\/2026\/08\/IMG-20260810-WA0009-1024x768.jpg\" alt=\"\" class=\"wp-image-2769 lazyload\" data-srcset=\"https:\/\/zm2.zlobek.lukow.pl\/wp-content\/uploads\/2026\/08\/IMG-20260810-WA0009-1024x768.jpg 1024w, https:\/\/zm2.zlobek.lukow.pl\/wp-content\/uploads\/2026\/08\/IMG-20260810-WA0009-300x225.jpg 300w, https:\/\/zm2.zlobek.lukow.pl\/wp-content\/uploads\/2026\/08\/IMG-20260810-WA0009-768x576.jpg 768w, https:\/\/zm2.zlobek.lukow.pl\/wp-content\/uploads\/2026\/08\/IMG-20260810-WA0009-1536x1152.jpg 1536w, https:\/\/zm2.zlobek.lukow.pl\/wp-content\/uploads\/2026\/08\/IMG-20260810-WA0009-947x710.jpg 947w, https:\/\/zm2.zlobek.lukow.pl\/wp-content\/uploads\/2026\/08\/IMG-20260810-WA0009-624x468.jpg 624w, https:\/\/zm2.zlobek.lukow.pl\/wp-content\/uploads\/2026\/08\/IMG-20260810-WA0009.jpg 2048w\" data-sizes=\"(max-width: 1024px) 100vw, 1024px\" src=\"data:image\/svg+xml;base64,PHN2ZyB3aWR0aD0iMSIgaGVpZ2h0PSIxIiB4bWxucz0iaHR0cDovL3d3dy53My5vcmcvMjAwMC9zdmciPjwvc3ZnPg==\" style=\"--smush-placeholder-width: 1024px; --smush-placeholder-aspect-ratio: 1024\/768;\" \/><\/figure>\n\n\n\n<figure class=\"wp-block-image size-large\"><img decoding=\"async\" width=\"768\" height=\"1024\" data-src=\"https:\/\/zm2.zlobek.lukow.pl\/wp-content\/uploads\/2026\/08\/IMG-20260807-WA0110-768x1024.jpg\" alt=\"\" class=\"wp-image-2767 lazyload\" data-srcset=\"https:\/\/zm2.zlobek.lukow.pl\/wp-content\/uploads\/2026\/08\/IMG-20260807-WA0110-768x1024.jpg 768w, https:\/\/zm2.zlobek.lukow.pl\/wp-content\/uploads\/2026\/08\/IMG-20260807-WA0110-225x300.jpg 225w, https:\/\/zm2.zlobek.lukow.pl\/wp-content\/uploads\/2026\/08\/IMG-20260807-WA0110-1152x1536.jpg 1152w, https:\/\/zm2.zlobek.lukow.pl\/wp-content\/uploads\/2026\/08\/IMG-20260807-WA0110-947x1263.jpg 947w, https:\/\/zm2.zlobek.lukow.pl\/wp-content\/uploads\/2026\/08\/IMG-20260807-WA0110-624x832.jpg 624w, https:\/\/zm2.zlobek.lukow.pl\/wp-content\/uploads\/2026\/08\/IMG-20260807-WA0110.jpg 1536w\" data-sizes=\"(max-width: 768px) 100vw, 768px\" src=\"data:image\/svg+xml;base64,PHN2ZyB3aWR0aD0iMSIgaGVpZ2h0PSIxIiB4bWxucz0iaHR0cDovL3d3dy53My5vcmcvMjAwMC9zdmciPjwvc3ZnPg==\" style=\"--smush-placeholder-width: 768px; --smush-placeholder-aspect-ratio: 768\/1024;\" \/><\/figure>\n\n\n\n<figure class=\"wp-block-image size-large\"><img decoding=\"async\" width=\"768\" height=\"1024\" data-src=\"https:\/\/zm2.zlobek.lukow.pl\/wp-content\/uploads\/2026\/08\/IMG-20260807-WA0003-768x1024.jpg\" alt=\"\" class=\"wp-image-2764 lazyload\" data-srcset=\"https:\/\/zm2.zlobek.lukow.pl\/wp-content\/uploads\/2026\/08\/IMG-20260807-WA0003-768x1024.jpg 768w, https:\/\/zm2.zlobek.lukow.pl\/wp-content\/uploads\/2026\/08\/IMG-20260807-WA0003-225x300.jpg 225w, https:\/\/zm2.zlobek.lukow.pl\/wp-content\/uploads\/2026\/08\/IMG-20260807-WA0003-1152x1536.jpg 1152w, https:\/\/zm2.zlobek.lukow.pl\/wp-content\/uploads\/2026\/08\/IMG-20260807-WA0003-947x1263.jpg 947w, https:\/\/zm2.zlobek.lukow.pl\/wp-content\/uploads\/2026\/08\/IMG-20260807-WA0003-624x832.jpg 624w, https:\/\/zm2.zlobek.lukow.pl\/wp-content\/uploads\/2026\/08\/IMG-20260807-WA0003.jpg 1536w\" data-sizes=\"(max-width: 768px) 100vw, 768px\" src=\"data:image\/svg+xml;base64,PHN2ZyB3aWR0aD0iMSIgaGVpZ2h0PSIxIiB4bWxucz0iaHR0cDovL3d3dy53My5vcmcvMjAwMC9zdmciPjwvc3ZnPg==\" style=\"--smush-placeholder-width: 768px; --smush-placeholder-aspect-ratio: 768\/1024;\" \/><\/figure>\n\n\n\n<figure class=\"wp-block-image size-large\"><img decoding=\"async\" width=\"768\" height=\"1024\" data-src=\"https:\/\/zm2.zlobek.lukow.pl\/wp-content\/uploads\/2026\/08\/IMG-20260807-WA0116-1-768x1024.jpg\" alt=\"\" class=\"wp-image-2777 lazyload\" data-srcset=\"https:\/\/zm2.zlobek.lukow.pl\/wp-content\/uploads\/2026\/08\/IMG-20260807-WA0116-1-768x1024.jpg 768w, https:\/\/zm2.zlobek.lukow.pl\/wp-content\/uploads\/2026\/08\/IMG-20260807-WA0116-1-225x300.jpg 225w, https:\/\/zm2.zlobek.lukow.pl\/wp-content\/uploads\/2026\/08\/IMG-20260807-WA0116-1-1152x1536.jpg 1152w, https:\/\/zm2.zlobek.lukow.pl\/wp-content\/uploads\/2026\/08\/IMG-20260807-WA0116-1-947x1263.jpg 947w, https:\/\/zm2.zlobek.lukow.pl\/wp-content\/uploads\/2026\/08\/IMG-20260807-WA0116-1-624x832.jpg 624w, https:\/\/zm2.zlobek.lukow.pl\/wp-content\/uploads\/2026\/08\/IMG-20260807-WA0116-1.jpg 1536w\" data-sizes=\"(max-width: 768px) 100vw, 768px\" src=\"data:image\/svg+xml;base64,PHN2ZyB3aWR0aD0iMSIgaGVpZ2h0PSIxIiB4bWxucz0iaHR0cDovL3d3dy53My5vcmcvMjAwMC9zdmciPjwvc3ZnPg==\" style=\"--smush-placeholder-width: 768px; --smush-placeholder-aspect-ratio: 768\/1024;\" \/><\/figure>\n\n\n\n<figure class=\"wp-block-image size-large\"><img decoding=\"async\" width=\"1024\" height=\"683\" data-src=\"https:\/\/zm2.zlobek.lukow.pl\/wp-content\/uploads\/2026\/08\/IMG-20260807-WA0056-1024x683.jpg\" alt=\"\" class=\"wp-image-2765 lazyload\" data-srcset=\"https:\/\/zm2.zlobek.lukow.pl\/wp-content\/uploads\/2026\/08\/IMG-20260807-WA0056-1024x683.jpg 1024w, https:\/\/zm2.zlobek.lukow.pl\/wp-content\/uploads\/2026\/08\/IMG-20260807-WA0056-300x200.jpg 300w, https:\/\/zm2.zlobek.lukow.pl\/wp-content\/uploads\/2026\/08\/IMG-20260807-WA0056-768x512.jpg 768w, https:\/\/zm2.zlobek.lukow.pl\/wp-content\/uploads\/2026\/08\/IMG-20260807-WA0056-1536x1024.jpg 1536w, https:\/\/zm2.zlobek.lukow.pl\/wp-content\/uploads\/2026\/08\/IMG-20260807-WA0056-947x631.jpg 947w, https:\/\/zm2.zlobek.lukow.pl\/wp-content\/uploads\/2026\/08\/IMG-20260807-WA0056-624x416.jpg 624w, https:\/\/zm2.zlobek.lukow.pl\/wp-content\/uploads\/2026\/08\/IMG-20260807-WA0056-84x56.jpg 84w, https:\/\/zm2.zlobek.lukow.pl\/wp-content\/uploads\/2026\/08\/IMG-20260807-WA0056.jpg 2048w\" data-sizes=\"(max-width: 1024px) 100vw, 1024px\" src=\"data:image\/svg+xml;base64,PHN2ZyB3aWR0aD0iMSIgaGVpZ2h0PSIxIiB4bWxucz0iaHR0cDovL3d3dy53My5vcmcvMjAwMC9zdmciPjwvc3ZnPg==\" style=\"--smush-placeholder-width: 1024px; --smush-placeholder-aspect-ratio: 1024\/683;\" \/><\/figure>\n\n\n\n<p class=\"wp-block-paragraph\"><\/p>\n","protected":false},"excerpt":{"rendered":"<p>Dzie\u0144 28 lipca 2026 roku na d\u0142ugo pozostanie w naszej pami\u0119ci. Tego dnia z ogromn\u0105 rado\u015bci\u0105 i wzruszeniem otworzyli\u015bmy drzwi \u017b\u0142obka Miejskiego Nr 2 w \u0141ukowie \u2013 miejsca stworzonego z my\u015bl\u0105 o najm\u0142odszych dzieciach i ich rodzinach. Podczas uroczysto\u015bci, w obecno\u015bci zaproszonych go\u015bci, symbolicznie przeci\u0119to wst\u0119g\u0119 oraz po\u015bwi\u0119cono nowy budynek. By\u0142 to wyj\u0105tkowy moment, kt\u00f3ry <a class=\"read-more-link\" href=\"https:\/\/zm2.zlobek.lukow.pl\/index.php\/2026\/08\/25\/uroczyste-otwarcie-zlobka-miejskiego-nr2-w-lukowie\/\">Read More<\/a><\/p>\n","protected":false},"author":6,"featured_media":2768,"comment_status":"open","ping_status":"open","sticky":false,"template":"","format":"standard","meta":{"_editorskit_title_hidden":false,"_editorskit_reading_time":0,"_editorskit_is_block_options_detached":false,"_editorskit_block_options_position":"{}","_eb_attr":"","_uag_custom_page_level_css":"","footnotes":""},"categories":[9,247,248],"tags":[],"class_list":["post-2771","post","type-post","status-publish","format-standard","has-post-thumbnail","hentry","category-aktualnosci","category-kropelki","category-sloneczka"],"yoast_head":"<!-- This site is optimized with the Yoast SEO plugin v25.9 - https:\/\/yoast.com\/wordpress\/plugins\/seo\/ -->\n<title>Uroczyste otwarcie \u017b\u0142obka Miejskiego Nr2 w \u0141ukowie - M\u00f3j \u017c\u0142obek<\/title>\n<meta name=\"robots\" content=\"index, follow, max-snippet:-1, max-image-preview:large, max-video-preview:-1\" \/>\n<link rel=\"canonical\" href=\"https:\/\/zm2.zlobek.lukow.pl\/index.php\/2026\/08\/25\/uroczyste-otwarcie-zlobka-miejskiego-nr2-w-lukowie\/\" \/>\n<meta property=\"og:locale\" content=\"pl_PL\" \/>\n<meta property=\"og:type\" content=\"article\" \/>\n<meta property=\"og:title\" content=\"Uroczyste otwarcie \u017b\u0142obka Miejskiego Nr2 w \u0141ukowie - M\u00f3j \u017c\u0142obek\" \/>\n<meta property=\"og:description\" content=\"Dzie\u0144 28 lipca 2026 roku na d\u0142ugo pozostanie w naszej pami\u0119ci. Tego dnia z ogromn\u0105 rado\u015bci\u0105 i wzruszeniem otworzyli\u015bmy drzwi \u017b\u0142obka Miejskiego Nr 2 w \u0141ukowie \u2013 miejsca stworzonego z my\u015bl\u0105 o najm\u0142odszych dzieciach i ich rodzinach. Podczas uroczysto\u015bci, w obecno\u015bci zaproszonych go\u015bci, symbolicznie przeci\u0119to wst\u0119g\u0119 oraz po\u015bwi\u0119cono nowy budynek. By\u0142 to wyj\u0105tkowy moment, kt\u00f3ry Read More\" \/>\n<meta property=\"og:url\" content=\"https:\/\/zm2.zlobek.lukow.pl\/index.php\/2026\/08\/25\/uroczyste-otwarcie-zlobka-miejskiego-nr2-w-lukowie\/\" \/>\n<meta property=\"og:site_name\" content=\"M\u00f3j \u017c\u0142obek\" \/>\n<meta property=\"article:publisher\" content=\"https:\/\/www.facebook.com\/zlobek.lukow\/\" \/>\n<meta property=\"article:published_time\" content=\"2026-08-25T07:05:54+00:00\" \/>\n<meta property=\"article:modified_time\" content=\"2026-08-25T07:21:00+00:00\" \/>\n<meta property=\"og:image\" content=\"https:\/\/zm2.zlobek.lukow.pl\/wp-content\/uploads\/2026\/08\/IMG-20260807-WA0121.jpg\" \/>\n\t<meta property=\"og:image:width\" content=\"1600\" \/>\n\t<meta property=\"og:image:height\" content=\"1200\" \/>\n\t<meta property=\"og:image:type\" content=\"image\/jpeg\" \/>\n<meta name=\"author\" content=\"Anna Czerepi\u0144ska\" \/>\n<meta name=\"twitter:card\" content=\"summary_large_image\" \/>\n<meta name=\"twitter:label1\" content=\"Napisane przez\" \/>\n\t<meta name=\"twitter:data1\" content=\"Anna Czerepi\u0144ska\" \/>\n\t<meta name=\"twitter:label2\" content=\"Szacowany czas czytania\" \/>\n\t<meta name=\"twitter:data2\" content=\"4 minuty\" \/>\n<script type=\"application\/ld+json\" class=\"yoast-schema-graph\">{\"@context\":\"https:\/\/schema.org\",\"@graph\":[{\"@type\":\"Article\",\"@id\":\"https:\/\/zm2.zlobek.lukow.pl\/index.php\/2026\/08\/25\/uroczyste-otwarcie-zlobka-miejskiego-nr2-w-lukowie\/#article\",\"isPartOf\":{\"@id\":\"https:\/\/zm2.zlobek.lukow.pl\/index.php\/2026\/08\/25\/uroczyste-otwarcie-zlobka-miejskiego-nr2-w-lukowie\/\"},\"author\":{\"name\":\"Anna Czerepi\u0144ska\",\"@id\":\"https:\/\/zm2.zlobek.lukow.pl\/#\/schema\/person\/442e354791c7992e8e73620376537409\"},\"headline\":\"Uroczyste otwarcie \u017b\u0142obka Miejskiego Nr2 w \u0141ukowie\",\"datePublished\":\"2026-08-25T07:05:54+00:00\",\"dateModified\":\"2026-08-25T07:21:00+00:00\",\"mainEntityOfPage\":{\"@id\":\"https:\/\/zm2.zlobek.lukow.pl\/index.php\/2026\/08\/25\/uroczyste-otwarcie-zlobka-miejskiego-nr2-w-lukowie\/\"},\"wordCount\":309,\"commentCount\":0,\"publisher\":{\"@id\":\"https:\/\/zm2.zlobek.lukow.pl\/#organization\"},\"image\":{\"@id\":\"https:\/\/zm2.zlobek.lukow.pl\/index.php\/2026\/08\/25\/uroczyste-otwarcie-zlobka-miejskiego-nr2-w-lukowie\/#primaryimage\"},\"thumbnailUrl\":\"https:\/\/zm2.zlobek.lukow.pl\/wp-content\/uploads\/2026\/08\/IMG-20260807-WA0121.jpg\",\"articleSection\":[\"Aktualno\u015bci\",\"Kropelki\",\"S\u0142oneczka\"],\"inLanguage\":\"pl-PL\",\"potentialAction\":[{\"@type\":\"CommentAction\",\"name\":\"Comment\",\"target\":[\"https:\/\/zm2.zlobek.lukow.pl\/index.php\/2026\/08\/25\/uroczyste-otwarcie-zlobka-miejskiego-nr2-w-lukowie\/#respond\"]}]},{\"@type\":\"WebPage\",\"@id\":\"https:\/\/zm2.zlobek.lukow.pl\/index.php\/2026\/08\/25\/uroczyste-otwarcie-zlobka-miejskiego-nr2-w-lukowie\/\",\"url\":\"https:\/\/zm2.zlobek.lukow.pl\/index.php\/2026\/08\/25\/uroczyste-otwarcie-zlobka-miejskiego-nr2-w-lukowie\/\",\"name\":\"Uroczyste otwarcie \u017b\u0142obka Miejskiego Nr2 w \u0141ukowie - M\u00f3j \u017c\u0142obek\",\"isPartOf\":{\"@id\":\"https:\/\/zm2.zlobek.lukow.pl\/#website\"},\"primaryImageOfPage\":{\"@id\":\"https:\/\/zm2.zlobek.lukow.pl\/index.php\/2026\/08\/25\/uroczyste-otwarcie-zlobka-miejskiego-nr2-w-lukowie\/#primaryimage\"},\"image\":{\"@id\":\"https:\/\/zm2.zlobek.lukow.pl\/index.php\/2026\/08\/25\/uroczyste-otwarcie-zlobka-miejskiego-nr2-w-lukowie\/#primaryimage\"},\"thumbnailUrl\":\"https:\/\/zm2.zlobek.lukow.pl\/wp-content\/uploads\/2026\/08\/IMG-20260807-WA0121.jpg\",\"datePublished\":\"2026-08-25T07:05:54+00:00\",\"dateModified\":\"2026-08-25T07:21:00+00:00\",\"breadcrumb\":{\"@id\":\"https:\/\/zm2.zlobek.lukow.pl\/index.php\/2026\/08\/25\/uroczyste-otwarcie-zlobka-miejskiego-nr2-w-lukowie\/#breadcrumb\"},\"inLanguage\":\"pl-PL\",\"potentialAction\":[{\"@type\":\"ReadAction\",\"target\":[\"https:\/\/zm2.zlobek.lukow.pl\/index.php\/2026\/08\/25\/uroczyste-otwarcie-zlobka-miejskiego-nr2-w-lukowie\/\"]}]},{\"@type\":\"ImageObject\",\"inLanguage\":\"pl-PL\",\"@id\":\"https:\/\/zm2.zlobek.lukow.pl\/index.php\/2026\/08\/25\/uroczyste-otwarcie-zlobka-miejskiego-nr2-w-lukowie\/#primaryimage\",\"url\":\"https:\/\/zm2.zlobek.lukow.pl\/wp-content\/uploads\/2026\/08\/IMG-20260807-WA0121.jpg\",\"contentUrl\":\"https:\/\/zm2.zlobek.lukow.pl\/wp-content\/uploads\/2026\/08\/IMG-20260807-WA0121.jpg\",\"width\":1600,\"height\":1200},{\"@type\":\"BreadcrumbList\",\"@id\":\"https:\/\/zm2.zlobek.lukow.pl\/index.php\/2026\/08\/25\/uroczyste-otwarcie-zlobka-miejskiego-nr2-w-lukowie\/#breadcrumb\",\"itemListElement\":[{\"@type\":\"ListItem\",\"position\":1,\"name\":\"Strona g\u0142\u00f3wna\",\"item\":\"https:\/\/zm2.zlobek.lukow.pl\/\"},{\"@type\":\"ListItem\",\"position\":2,\"name\":\"Uroczyste otwarcie \u017b\u0142obka Miejskiego Nr2 w \u0141ukowie\"}]},{\"@type\":\"WebSite\",\"@id\":\"https:\/\/zm2.zlobek.lukow.pl\/#website\",\"url\":\"https:\/\/zm2.zlobek.lukow.pl\/\",\"name\":\"M\u00f3j \u017c\u0142obek\",\"description\":\"Rozwijaj pasje i odkrywaj \u015bwiat \u2013 z nami ka\u017cde dziecko jest wyj\u0105tkowe!\",\"publisher\":{\"@id\":\"https:\/\/zm2.zlobek.lukow.pl\/#organization\"},\"potentialAction\":[{\"@type\":\"SearchAction\",\"target\":{\"@type\":\"EntryPoint\",\"urlTemplate\":\"https:\/\/zm2.zlobek.lukow.pl\/?s={search_term_string}\"},\"query-input\":{\"@type\":\"PropertyValueSpecification\",\"valueRequired\":true,\"valueName\":\"search_term_string\"}}],\"inLanguage\":\"pl-PL\"},{\"@type\":\"Organization\",\"@id\":\"https:\/\/zm2.zlobek.lukow.pl\/#organization\",\"name\":\"M\u00f3j \u017c\u0142obek\",\"url\":\"https:\/\/zm2.zlobek.lukow.pl\/\",\"logo\":{\"@type\":\"ImageObject\",\"inLanguage\":\"pl-PL\",\"@id\":\"https:\/\/zm2.zlobek.lukow.pl\/#\/schema\/logo\/image\/\",\"url\":\"https:\/\/zm2.zlobek.lukow.pl\/wp-content\/uploads\/2026\/06\/cropped-Logo_3.png\",\"contentUrl\":\"https:\/\/zm2.zlobek.lukow.pl\/wp-content\/uploads\/2026\/06\/cropped-Logo_3.png\",\"width\":1718,\"height\":575,\"caption\":\"M\u00f3j \u017c\u0142obek\"},\"image\":{\"@id\":\"https:\/\/zm2.zlobek.lukow.pl\/#\/schema\/logo\/image\/\"},\"sameAs\":[\"https:\/\/www.facebook.com\/zlobek.lukow\/\"]},{\"@type\":\"Person\",\"@id\":\"https:\/\/zm2.zlobek.lukow.pl\/#\/schema\/person\/442e354791c7992e8e73620376537409\",\"name\":\"Anna Czerepi\u0144ska\",\"image\":{\"@type\":\"ImageObject\",\"inLanguage\":\"pl-PL\",\"@id\":\"https:\/\/zm2.zlobek.lukow.pl\/#\/schema\/person\/image\/\",\"url\":\"https:\/\/secure.gravatar.com\/avatar\/f2784d6ac8a0d9ff2fb092de24ee9c718de8649dee93fc8a4ff542b511059729?s=96&d=mm&r=g\",\"contentUrl\":\"https:\/\/secure.gravatar.com\/avatar\/f2784d6ac8a0d9ff2fb092de24ee9c718de8649dee93fc8a4ff542b511059729?s=96&d=mm&r=g\",\"caption\":\"Anna Czerepi\u0144ska\"},\"url\":\"https:\/\/zm2.zlobek.lukow.pl\/index.php\/author\/a-czerepinska\/\"}]}<\/script>\n<!-- \/ Yoast SEO plugin. -->","yoast_head_json":{"title":"Uroczyste otwarcie \u017b\u0142obka Miejskiego Nr2 w \u0141ukowie - M\u00f3j \u017c\u0142obek","robots":{"index":"index","follow":"follow","max-snippet":"max-snippet:-1","max-image-preview":"max-image-preview:large","max-video-preview":"max-video-preview:-1"},"canonical":"https:\/\/zm2.zlobek.lukow.pl\/index.php\/2026\/08\/25\/uroczyste-otwarcie-zlobka-miejskiego-nr2-w-lukowie\/","og_locale":"pl_PL","og_type":"article","og_title":"Uroczyste otwarcie \u017b\u0142obka Miejskiego Nr2 w \u0141ukowie - M\u00f3j \u017c\u0142obek","og_description":"Dzie\u0144 28 lipca 2026 roku na d\u0142ugo pozostanie w naszej pami\u0119ci. Tego dnia z ogromn\u0105 rado\u015bci\u0105 i wzruszeniem otworzyli\u015bmy drzwi \u017b\u0142obka Miejskiego Nr 2 w \u0141ukowie \u2013 miejsca stworzonego z my\u015bl\u0105 o najm\u0142odszych dzieciach i ich rodzinach. Podczas uroczysto\u015bci, w obecno\u015bci zaproszonych go\u015bci, symbolicznie przeci\u0119to wst\u0119g\u0119 oraz po\u015bwi\u0119cono nowy budynek. By\u0142 to wyj\u0105tkowy moment, kt\u00f3ry Read More","og_url":"https:\/\/zm2.zlobek.lukow.pl\/index.php\/2026\/08\/25\/uroczyste-otwarcie-zlobka-miejskiego-nr2-w-lukowie\/","og_site_name":"M\u00f3j \u017c\u0142obek","article_publisher":"https:\/\/www.facebook.com\/zlobek.lukow\/","article_published_time":"2026-08-25T07:05:54+00:00","article_modified_time":"2026-08-25T07:21:00+00:00","og_image":[{"width":1600,"height":1200,"url":"https:\/\/zm2.zlobek.lukow.pl\/wp-content\/uploads\/2026\/08\/IMG-20260807-WA0121.jpg","type":"image\/jpeg"}],"author":"Anna Czerepi\u0144ska","twitter_card":"summary_large_image","twitter_misc":{"Napisane przez":"Anna Czerepi\u0144ska","Szacowany czas czytania":"4 minuty"},"schema":{"@context":"https:\/\/schema.org","@graph":[{"@type":"Article","@id":"https:\/\/zm2.zlobek.lukow.pl\/index.php\/2026\/08\/25\/uroczyste-otwarcie-zlobka-miejskiego-nr2-w-lukowie\/#article","isPartOf":{"@id":"https:\/\/zm2.zlobek.lukow.pl\/index.php\/2026\/08\/25\/uroczyste-otwarcie-zlobka-miejskiego-nr2-w-lukowie\/"},"author":{"name":"Anna Czerepi\u0144ska","@id":"https:\/\/zm2.zlobek.lukow.pl\/#\/schema\/person\/442e354791c7992e8e73620376537409"},"headline":"Uroczyste otwarcie \u017b\u0142obka Miejskiego Nr2 w \u0141ukowie","datePublished":"2026-08-25T07:05:54+00:00","dateModified":"2026-08-25T07:21:00+00:00","mainEntityOfPage":{"@id":"https:\/\/zm2.zlobek.lukow.pl\/index.php\/2026\/08\/25\/uroczyste-otwarcie-zlobka-miejskiego-nr2-w-lukowie\/"},"wordCount":309,"commentCount":0,"publisher":{"@id":"https:\/\/zm2.zlobek.lukow.pl\/#organization"},"image":{"@id":"https:\/\/zm2.zlobek.lukow.pl\/index.php\/2026\/08\/25\/uroczyste-otwarcie-zlobka-miejskiego-nr2-w-lukowie\/#primaryimage"},"thumbnailUrl":"https:\/\/zm2.zlobek.lukow.pl\/wp-content\/uploads\/2026\/08\/IMG-20260807-WA0121.jpg","articleSection":["Aktualno\u015bci","Kropelki","S\u0142oneczka"],"inLanguage":"pl-PL","potentialAction":[{"@type":"CommentAction","name":"Comment","target":["https:\/\/zm2.zlobek.lukow.pl\/index.php\/2026\/08\/25\/uroczyste-otwarcie-zlobka-miejskiego-nr2-w-lukowie\/#respond"]}]},{"@type":"WebPage","@id":"https:\/\/zm2.zlobek.lukow.pl\/index.php\/2026\/08\/25\/uroczyste-otwarcie-zlobka-miejskiego-nr2-w-lukowie\/","url":"https:\/\/zm2.zlobek.lukow.pl\/index.php\/2026\/08\/25\/uroczyste-otwarcie-zlobka-miejskiego-nr2-w-lukowie\/","name":"Uroczyste otwarcie \u017b\u0142obka Miejskiego Nr2 w \u0141ukowie - M\u00f3j \u017c\u0142obek","isPartOf":{"@id":"https:\/\/zm2.zlobek.lukow.pl\/#website"},"primaryImageOfPage":{"@id":"https:\/\/zm2.zlobek.lukow.pl\/index.php\/2026\/08\/25\/uroczyste-otwarcie-zlobka-miejskiego-nr2-w-lukowie\/#primaryimage"},"image":{"@id":"https:\/\/zm2.zlobek.lukow.pl\/index.php\/2026\/08\/25\/uroczyste-otwarcie-zlobka-miejskiego-nr2-w-lukowie\/#primaryimage"},"thumbnailUrl":"https:\/\/zm2.zlobek.lukow.pl\/wp-content\/uploads\/2026\/08\/IMG-20260807-WA0121.jpg","datePublished":"2026-08-25T07:05:54+00:00","dateModified":"2026-08-25T07:21:00+00:00","breadcrumb":{"@id":"https:\/\/zm2.zlobek.lukow.pl\/index.php\/2026\/08\/25\/uroczyste-otwarcie-zlobka-miejskiego-nr2-w-lukowie\/#breadcrumb"},"inLanguage":"pl-PL","potentialAction":[{"@type":"ReadAction","target":["https:\/\/zm2.zlobek.lukow.pl\/index.php\/2026\/08\/25\/uroczyste-otwarcie-zlobka-miejskiego-nr2-w-lukowie\/"]}]},{"@type":"ImageObject","inLanguage":"pl-PL","@id":"https:\/\/zm2.zlobek.lukow.pl\/index.php\/2026\/08\/25\/uroczyste-otwarcie-zlobka-miejskiego-nr2-w-lukowie\/#primaryimage","url":"https:\/\/zm2.zlobek.lukow.pl\/wp-content\/uploads\/2026\/08\/IMG-20260807-WA0121.jpg","contentUrl":"https:\/\/zm2.zlobek.lukow.pl\/wp-content\/uploads\/2026\/08\/IMG-20260807-WA0121.jpg","width":1600,"height":1200},{"@type":"BreadcrumbList","@id":"https:\/\/zm2.zlobek.lukow.pl\/index.php\/2026\/08\/25\/uroczyste-otwarcie-zlobka-miejskiego-nr2-w-lukowie\/#breadcrumb","itemListElement":[{"@type":"ListItem","position":1,"name":"Strona g\u0142\u00f3wna","item":"https:\/\/zm2.zlobek.lukow.pl\/"},{"@type":"ListItem","position":2,"name":"Uroczyste otwarcie \u017b\u0142obka Miejskiego Nr2 w \u0141ukowie"}]},{"@type":"WebSite","@id":"https:\/\/zm2.zlobek.lukow.pl\/#website","url":"https:\/\/zm2.zlobek.lukow.pl\/","name":"M\u00f3j \u017c\u0142obek","description":"Rozwijaj pasje i odkrywaj \u015bwiat \u2013 z nami ka\u017cde dziecko jest wyj\u0105tkowe!","publisher":{"@id":"https:\/\/zm2.zlobek.lukow.pl\/#organization"},"potentialAction":[{"@type":"SearchAction","target":{"@type":"EntryPoint","urlTemplate":"https:\/\/zm2.zlobek.lukow.pl\/?s={search_term_string}"},"query-input":{"@type":"PropertyValueSpecification","valueRequired":true,"valueName":"search_term_string"}}],"inLanguage":"pl-PL"},{"@type":"Organization","@id":"https:\/\/zm2.zlobek.lukow.pl\/#organization","name":"M\u00f3j \u017c\u0142obek","url":"https:\/\/zm2.zlobek.lukow.pl\/","logo":{"@type":"ImageObject","inLanguage":"pl-PL","@id":"https:\/\/zm2.zlobek.lukow.pl\/#\/schema\/logo\/image\/","url":"https:\/\/zm2.zlobek.lukow.pl\/wp-content\/uploads\/2026\/06\/cropped-Logo_3.png","contentUrl":"https:\/\/zm2.zlobek.lukow.pl\/wp-content\/uploads\/2026\/06\/cropped-Logo_3.png","width":1718,"height":575,"caption":"M\u00f3j \u017c\u0142obek"},"image":{"@id":"https:\/\/zm2.zlobek.lukow.pl\/#\/schema\/logo\/image\/"},"sameAs":["https:\/\/www.facebook.com\/zlobek.lukow\/"]},{"@type":"Person","@id":"https:\/\/zm2.zlobek.lukow.pl\/#\/schema\/person\/442e354791c7992e8e73620376537409","name":"Anna Czerepi\u0144ska","image":{"@type":"ImageObject","inLanguage":"pl-PL","@id":"https:\/\/zm2.zlobek.lukow.pl\/#\/schema\/person\/image\/","url":"https:\/\/secure.gravatar.com\/avatar\/f2784d6ac8a0d9ff2fb092de24ee9c718de8649dee93fc8a4ff542b511059729?s=96&d=mm&r=g","contentUrl":"https:\/\/secure.gravatar.com\/avatar\/f2784d6ac8a0d9ff2fb092de24ee9c718de8649dee93fc8a4ff542b511059729?s=96&d=mm&r=g","caption":"Anna Czerepi\u0144ska"},"url":"https:\/\/zm2.zlobek.lukow.pl\/index.php\/author\/a-czerepinska\/"}]}},"uagb_featured_image_src":{"full":["https:\/\/zm2.zlobek.lukow.pl\/wp-content\/uploads\/2026\/08\/IMG-20260807-WA0121.jpg",1600,1200,false],"thumbnail":["https:\/\/zm2.zlobek.lukow.pl\/wp-content\/uploads\/2026\/08\/IMG-20260807-WA0121-150x150.jpg",150,150,true],"medium":["https:\/\/zm2.zlobek.lukow.pl\/wp-content\/uploads\/2026\/08\/IMG-20260807-WA0121-300x225.jpg",300,225,true],"medium_large":["https:\/\/zm2.zlobek.lukow.pl\/wp-content\/uploads\/2026\/08\/IMG-20260807-WA0121-768x576.jpg",768,576,true],"large":["https:\/\/zm2.zlobek.lukow.pl\/wp-content\/uploads\/2026\/08\/IMG-20260807-WA0121-1024x768.jpg",887,665,true],"1536x1536":["https:\/\/zm2.zlobek.lukow.pl\/wp-content\/uploads\/2026\/08\/IMG-20260807-WA0121-1536x1152.jpg",1536,1152,true],"2048x2048":["https:\/\/zm2.zlobek.lukow.pl\/wp-content\/uploads\/2026\/08\/IMG-20260807-WA0121.jpg",1600,1200,false],"homepage-slider":["https:\/\/zm2.zlobek.lukow.pl\/wp-content\/uploads\/2026\/08\/IMG-20260807-WA0121-1270x500.jpg",1270,500,true],"homepage-slider-small":["https:\/\/zm2.zlobek.lukow.pl\/wp-content\/uploads\/2026\/08\/IMG-20260807-WA0121-947x500.jpg",947,500,true],"page-top":["https:\/\/zm2.zlobek.lukow.pl\/wp-content\/uploads\/2026\/08\/IMG-20260807-WA0121-947x710.jpg",947,710,true],"page-small":["https:\/\/zm2.zlobek.lukow.pl\/wp-content\/uploads\/2026\/08\/IMG-20260807-WA0121-624x468.jpg",624,468,true],"loop-main":["https:\/\/zm2.zlobek.lukow.pl\/wp-content\/uploads\/2026\/08\/IMG-20260807-WA0121-365x240.jpg",365,240,true],"thumb-gallery-widget":["https:\/\/zm2.zlobek.lukow.pl\/wp-content\/uploads\/2026\/08\/IMG-20260807-WA0121-84x56.jpg",84,56,true]},"uagb_author_info":{"display_name":"Anna Czerepi\u0144ska","author_link":"https:\/\/zm2.zlobek.lukow.pl\/index.php\/author\/a-czerepinska\/"},"uagb_comment_info":0,"uagb_excerpt":"Dzie\u0144 28 lipca 2026 roku na d\u0142ugo pozostanie w naszej pami\u0119ci. Tego dnia z ogromn\u0105 rado\u015bci\u0105 i wzruszeniem otworzyli\u015bmy drzwi \u017b\u0142obka Miejskiego Nr 2 w \u0141ukowie \u2013 miejsca stworzonego z my\u015bl\u0105 o najm\u0142odszych dzieciach i ich rodzinach. Podczas uroczysto\u015bci, w obecno\u015bci zaproszonych go\u015bci, symbolicznie przeci\u0119to wst\u0119g\u0119 oraz po\u015bwi\u0119cono nowy budynek. By\u0142 to wyj\u0105tkowy moment, kt\u00f3ry&hellip;","_links":{"self":[{"href":"https:\/\/zm2.zlobek.lukow.pl\/index.php\/wp-json\/wp\/v2\/posts\/2771","targetHints":{"allow":["GET"]}}],"collection":[{"href":"https:\/\/zm2.zlobek.lukow.pl\/index.php\/wp-json\/wp\/v2\/posts"}],"about":[{"href":"https:\/\/zm2.zlobek.lukow.pl\/index.php\/wp-json\/wp\/v2\/types\/post"}],"author":[{"embeddable":true,"href":"https:\/\/zm2.zlobek.lukow.pl\/index.php\/wp-json\/wp\/v2\/users\/6"}],"replies":[{"embeddable":true,"href":"https:\/\/zm2.zlobek.lukow.pl\/index.php\/wp-json\/wp\/v2\/comments?post=2771"}],"version-history":[{"count":3,"href":"https:\/\/zm2.zlobek.lukow.pl\/index.php\/wp-json\/wp\/v2\/posts\/2771\/revisions"}],"predecessor-version":[{"id":2778,"href":"https:\/\/zm2.zlobek.lukow.pl\/index.php\/wp-json\/wp\/v2\/posts\/2771\/revisions\/2778"}],"wp:featuredmedia":[{"embeddable":true,"href":"https:\/\/zm2.zlobek.lukow.pl\/index.php\/wp-json\/wp\/v2\/media\/2768"}],"wp:attachment":[{"href":"https:\/\/zm2.zlobek.lukow.pl\/index.php\/wp-json\/wp\/v2\/media?parent=2771"}],"wp:term":[{"taxonomy":"category","embeddable":true,"href":"https:\/\/zm2.zlobek.lukow.pl\/index.php\/wp-json\/wp\/v2\/categories?post=2771"},{"taxonomy":"post_tag","embeddable":true,"href":"https:\/\/zm2.zlobek.lukow.pl\/index.php\/wp-json\/wp\/v2\/tags?post=2771"}],"curies":[{"name":"wp","href":"https:\/\/api.w.org\/{rel}","templated":true}]}}